{"id":1074,"date":"2021-05-17T04:36:18","date_gmt":"2021-05-17T04:36:18","guid":{"rendered":"https:\/\/latelier-dumarais.fr\/?p=1074"},"modified":"2021-05-17T04:51:59","modified_gmt":"2021-05-17T04:51:59","slug":"agencement-salon-sejour","status":"publish","type":"post","link":"https:\/\/latelier-dumarais.fr\/index.php\/2021\/05\/17\/agencement-salon-sejour\/","title":{"rendered":"Agencement salon s\u00e9jour"},"content":{"rendered":"<p>Ensemble r\u00e9alis\u00e9 en meduim plaqu\u00e9 ch\u00eane massif pour les plateaux et joues de finition et niche ouverte et devanture meduim noir structur\u00e9 prisme , portes et tiroirs ouverture\u00a0 \u00ab pouss lach \u00bb<\/p>\n<div id='gallery-1' class='czr-gallery row flex-row czr-gallery-style gallery galleryid-1074 gallery-columns-3 gallery-size-thumbnail'><figure class='gallery-item col col-auto'>\r\n                        <div class='gallery-icon portrait czr-gallery-icon'>\r\n                              <a data-lb-type=\"grouped-gallery\" href=https:\/\/latelier-dumarais.fr\/wp-content\/uploads\/2021\/05\/agencement-salon-sejour.jpeg class=\"bg-link\"><\/a><img decoding=\"async\" width=\"113\" height=\"150\" src=\"https:\/\/latelier-dumarais.fr\/wp-content\/uploads\/2021\/05\/agencement-salon-sejour-113x150.jpeg\" class=\"attachment-thumbnail size-thumbnail no-lazy\" alt=\"\" sizes=\"(min-width: 1200px) 350px, (min-width: 992px) 290px, (min-width: 768px) 210px, (min-width: 576px) 150px, calc( 50vw - 30px )\" srcset=\"https:\/\/latelier-dumarais.fr\/wp-content\/uploads\/2021\/05\/agencement-salon-sejour-113x150.jpeg 113w, https:\/\/latelier-dumarais.fr\/wp-content\/uploads\/2021\/05\/agencement-salon-sejour-225x300.jpeg 225w, https:\/\/latelier-dumarais.fr\/wp-content\/uploads\/2021\/05\/agencement-salon-sejour-570x760.jpeg 570w, https:\/\/latelier-dumarais.fr\/wp-content\/uploads\/2021\/05\/agencement-salon-sejour-600x800.jpeg 600w, https:\/\/latelier-dumarais.fr\/wp-content\/uploads\/2021\/05\/agencement-salon-sejour.jpeg 720w\" \/>\r\n                        <\/div><\/figure><figure class='gallery-item col col-auto'>\r\n                        <div class='gallery-icon landscape czr-gallery-icon'>\r\n                              <a data-lb-type=\"grouped-gallery\" href=https:\/\/latelier-dumarais.fr\/wp-content\/uploads\/2021\/05\/menuisier-le-mans.jpeg class=\"bg-link\"><\/a><img decoding=\"async\" width=\"150\" height=\"113\" src=\"https:\/\/latelier-dumarais.fr\/wp-content\/uploads\/2021\/05\/menuisier-le-mans-150x113.jpeg\" class=\"attachment-thumbnail size-thumbnail no-lazy\" alt=\"\" sizes=\"(min-width: 1200px) 350px, (min-width: 992px) 290px, (min-width: 768px) 210px, (min-width: 576px) 150px, calc( 50vw - 30px )\" srcset=\"https:\/\/latelier-dumarais.fr\/wp-content\/uploads\/2021\/05\/menuisier-le-mans-150x113.jpeg 150w, https:\/\/latelier-dumarais.fr\/wp-content\/uploads\/2021\/05\/menuisier-le-mans-300x225.jpeg 300w, https:\/\/latelier-dumarais.fr\/wp-content\/uploads\/2021\/05\/menuisier-le-mans-768x576.jpeg 768w, https:\/\/latelier-dumarais.fr\/wp-content\/uploads\/2021\/05\/menuisier-le-mans-570x428.jpeg 570w, https:\/\/latelier-dumarais.fr\/wp-content\/uploads\/2021\/05\/menuisier-le-mans-600x450.jpeg 600w, https:\/\/latelier-dumarais.fr\/wp-content\/uploads\/2021\/05\/menuisier-le-mans.jpeg 960w\" \/>\r\n                        <\/div><\/figure><figure class='gallery-item col col-auto'>\r\n                        <div class='gallery-icon portrait czr-gallery-icon'>\r\n                              <a data-lb-type=\"grouped-gallery\" href=https:\/\/latelier-dumarais.fr\/wp-content\/uploads\/2021\/05\/menuisier-meuble-salon.jpeg class=\"bg-link\"><\/a><img decoding=\"async\" width=\"113\" height=\"150\" src=\"https:\/\/latelier-dumarais.fr\/wp-content\/uploads\/2021\/05\/menuisier-meuble-salon-113x150.jpeg\" class=\"attachment-thumbnail size-thumbnail no-lazy\" alt=\"\" sizes=\"(min-width: 1200px) 350px, (min-width: 992px) 290px, (min-width: 768px) 210px, (min-width: 576px) 150px, calc( 50vw - 30px )\" srcset=\"https:\/\/latelier-dumarais.fr\/wp-content\/uploads\/2021\/05\/menuisier-meuble-salon-113x150.jpeg 113w, https:\/\/latelier-dumarais.fr\/wp-content\/uploads\/2021\/05\/menuisier-meuble-salon-225x300.jpeg 225w, https:\/\/latelier-dumarais.fr\/wp-content\/uploads\/2021\/05\/menuisier-meuble-salon-570x760.jpeg 570w, https:\/\/latelier-dumarais.fr\/wp-content\/uploads\/2021\/05\/menuisier-meuble-salon-600x800.jpeg 600w, https:\/\/latelier-dumarais.fr\/wp-content\/uploads\/2021\/05\/menuisier-meuble-salon.jpeg 720w\" \/>\r\n                        <\/div><\/figure><figure class='gallery-item col col-auto'>\r\n                        <div class='gallery-icon portrait czr-gallery-icon'>\r\n                              <a data-lb-type=\"grouped-gallery\" href=https:\/\/latelier-dumarais.fr\/wp-content\/uploads\/2021\/05\/menuisier-neuville-sur-sarthe.jpeg class=\"bg-link\"><\/a><img loading=\"lazy\" decoding=\"async\" width=\"113\" height=\"150\" src=\"https:\/\/latelier-dumarais.fr\/wp-content\/uploads\/2021\/05\/menuisier-neuville-sur-sarthe-113x150.jpeg\" class=\"attachment-thumbnail size-thumbnail no-lazy\" alt=\"\" sizes=\"(min-width: 1200px) 350px, (min-width: 992px) 290px, (min-width: 768px) 210px, (min-width: 576px) 150px, calc( 50vw - 30px )\" srcset=\"https:\/\/latelier-dumarais.fr\/wp-content\/uploads\/2021\/05\/menuisier-neuville-sur-sarthe-113x150.jpeg 113w, https:\/\/latelier-dumarais.fr\/wp-content\/uploads\/2021\/05\/menuisier-neuville-sur-sarthe-225x300.jpeg 225w, https:\/\/latelier-dumarais.fr\/wp-content\/uploads\/2021\/05\/menuisier-neuville-sur-sarthe-570x760.jpeg 570w, https:\/\/latelier-dumarais.fr\/wp-content\/uploads\/2021\/05\/menuisier-neuville-sur-sarthe-600x800.jpeg 600w, https:\/\/latelier-dumarais.fr\/wp-content\/uploads\/2021\/05\/menuisier-neuville-sur-sarthe.jpeg 720w\" \/>\r\n                        <\/div><\/figure><figure class='gallery-item col col-auto'>\r\n                        <div class='gallery-icon portrait czr-gallery-icon'>\r\n                              <a data-lb-type=\"grouped-gallery\" href=https:\/\/latelier-dumarais.fr\/wp-content\/uploads\/2021\/05\/0FF47DF3-16B7-4A5E-A8E6-86B3415B6373.jpeg class=\"bg-link\"><\/a><img loading=\"lazy\" decoding=\"async\" width=\"113\" height=\"150\" src=\"https:\/\/latelier-dumarais.fr\/wp-content\/uploads\/2021\/05\/0FF47DF3-16B7-4A5E-A8E6-86B3415B6373-113x150.jpeg\" class=\"attachment-thumbnail size-thumbnail no-lazy\" alt=\"\" sizes=\"(min-width: 1200px) 350px, (min-width: 992px) 290px, (min-width: 768px) 210px, (min-width: 576px) 150px, calc( 50vw - 30px )\" srcset=\"https:\/\/latelier-dumarais.fr\/wp-content\/uploads\/2021\/05\/0FF47DF3-16B7-4A5E-A8E6-86B3415B6373-113x150.jpeg 113w, https:\/\/latelier-dumarais.fr\/wp-content\/uploads\/2021\/05\/0FF47DF3-16B7-4A5E-A8E6-86B3415B6373-225x300.jpeg 225w, https:\/\/latelier-dumarais.fr\/wp-content\/uploads\/2021\/05\/0FF47DF3-16B7-4A5E-A8E6-86B3415B6373-570x760.jpeg 570w, https:\/\/latelier-dumarais.fr\/wp-content\/uploads\/2021\/05\/0FF47DF3-16B7-4A5E-A8E6-86B3415B6373-600x800.jpeg 600w, https:\/\/latelier-dumarais.fr\/wp-content\/uploads\/2021\/05\/0FF47DF3-16B7-4A5E-A8E6-86B3415B6373.jpeg 720w\" \/>\r\n                        <\/div><\/figure>\r\n                  <\/div>\n\n<div id=\"gtx-trans\" style=\"position: absolute; left: 692px; top: 113px;\">\n<div class=\"gtx-trans-icon\"><\/div>\n<\/div>\n","protected":false},"excerpt":{"rendered":"<p>Ensemble r\u00e9alis\u00e9 en meduim plaqu\u00e9 ch\u00eane massif pour les plateaux et joues de finition et niche ouverte et devanture meduim noir structur\u00e9 prisme , portes et tiroirs ouverture\u00a0 \u00ab pouss lach \u00bb<\/p>\n","protected":false},"author":1,"featured_media":1075,"comment_status":"closed","ping_status":"closed","sticky":false,"template":"","format":"standard","meta":{"_exactmetrics_skip_tracking":false,"_exactmetrics_sitenote_active":false,"_exactmetrics_sitenote_note":"","_exactmetrics_sitenote_category":0,"footnotes":""},"categories":[1],"tags":[],"class_list":{"0":"post-1074","1":"post","2":"type-post","3":"status-publish","4":"format-standard","5":"has-post-thumbnail","7":"category-uncategorized","8":"czr-hentry"},"_links":{"self":[{"href":"https:\/\/latelier-dumarais.fr\/index.php\/wp-json\/wp\/v2\/posts\/1074","targetHints":{"allow":["GET"]}}],"collection":[{"href":"https:\/\/latelier-dumarais.fr\/index.php\/wp-json\/wp\/v2\/posts"}],"about":[{"href":"https:\/\/latelier-dumarais.fr\/index.php\/wp-json\/wp\/v2\/types\/post"}],"author":[{"embeddable":true,"href":"https:\/\/latelier-dumarais.fr\/index.php\/wp-json\/wp\/v2\/users\/1"}],"replies":[{"embeddable":true,"href":"https:\/\/latelier-dumarais.fr\/index.php\/wp-json\/wp\/v2\/comments?post=1074"}],"version-history":[{"count":2,"href":"https:\/\/latelier-dumarais.fr\/index.php\/wp-json\/wp\/v2\/posts\/1074\/revisions"}],"predecessor-version":[{"id":1097,"href":"https:\/\/latelier-dumarais.fr\/index.php\/wp-json\/wp\/v2\/posts\/1074\/revisions\/1097"}],"wp:featuredmedia":[{"embeddable":true,"href":"https:\/\/latelier-dumarais.fr\/index.php\/wp-json\/wp\/v2\/media\/1075"}],"wp:attachment":[{"href":"https:\/\/latelier-dumarais.fr\/index.php\/wp-json\/wp\/v2\/media?parent=1074"}],"wp:term":[{"taxonomy":"category","embeddable":true,"href":"https:\/\/latelier-dumarais.fr\/index.php\/wp-json\/wp\/v2\/categories?post=1074"},{"taxonomy":"post_tag","embeddable":true,"href":"https:\/\/latelier-dumarais.fr\/index.php\/wp-json\/wp\/v2\/tags?post=1074"}],"curies":[{"name":"wp","href":"https:\/\/api.w.org\/{rel}","templated":true}]}}